{"id":985,"date":"2014-06-26T18:40:34","date_gmt":"2014-06-26T16:40:34","guid":{"rendered":"http:\/\/www.ankevetter.de\/blog\/?p=985"},"modified":"2015-06-15T12:50:07","modified_gmt":"2015-06-15T10:50:07","slug":"spd-marienheide-trifft-abi-2014","status":"publish","type":"post","link":"http:\/\/www.ankevetter.de\/blog\/?p=985","title":{"rendered":"SPD Marienheide trifft Abi 2014"},"content":{"rendered":"<p>Seitdem der Abschluss \u201eAbitur\u201d in Marienheide angeboten wird, l\u00e4dt der Ortsverein der SPD den Abschlussjahrgang zu einem Gespr\u00e4ch ein. Die Gelegenheit zum Austausch mit den Schulabg\u00e4ngern ist f\u00fcr uns sehr wertvoll, denn wir wollen auch in Zukunft den Gesamtschulstandort Marienheide erhalten und verbessern. Die \u201eEhemaligen\u201d haben auch jetzt wieder ausf\u00fchrlich \u00fcber ihre Erfahrungen berichtet und uns viele Anregungen gegeben. <\/p>\n<p>Wir w\u00fcnschen allen Schulabg\u00e4ngern unserer Gesamtschule Marienheide f\u00fcr die pers\u00f6nliche wie berufliche Zukunft viel Erfolg!<\/p>\n","protected":false},"excerpt":{"rendered":"<p>Seitdem der Abschluss \u201eAbitur\u201d in Marienheide angeboten wird, l\u00e4dt der Ortsverein der SPD den Abschlussjahrgang zu einem Gespr\u00e4ch ein. Die Gelegenheit zum Austausch mit den Schulabg\u00e4ngern ist f\u00fcr uns sehr wertvoll, denn wir wollen auch in Zukunft den Gesamtschulstandort Marienheide erhalten und verbessern. Die \u201eEhemaligen\u201d haben auch jetzt wieder ausf\u00fchrlich \u00fcber ihre Erfahrungen berichtet und uns viele Anregungen gegeben. Wir [&hellip;]<\/p>\n","protected":false},"author":1,"featured_media":986,"comment_status":"open","ping_status":"open","sticky":false,"template":"","format":"standard","meta":[],"categories":[3,36,23],"tags":[],"_links":{"self":[{"href":"http:\/\/www.ankevetter.de\/blog\/index.php?rest_route=\/wp\/v2\/posts\/985"}],"collection":[{"href":"http:\/\/www.ankevetter.de\/blog\/index.php?rest_route=\/wp\/v2\/posts"}],"about":[{"href":"http:\/\/www.ankevetter.de\/blog\/index.php?rest_route=\/wp\/v2\/types\/post"}],"author":[{"embeddable":true,"href":"http:\/\/www.ankevetter.de\/blog\/index.php?rest_route=\/wp\/v2\/users\/1"}],"replies":[{"embeddable":true,"href":"http:\/\/www.ankevetter.de\/blog\/index.php?rest_route=%2Fwp%2Fv2%2Fcomments&post=985"}],"version-history":[{"count":2,"href":"http:\/\/www.ankevetter.de\/blog\/index.php?rest_route=\/wp\/v2\/posts\/985\/revisions"}],"predecessor-version":[{"id":1363,"href":"http:\/\/www.ankevetter.de\/blog\/index.php?rest_route=\/wp\/v2\/posts\/985\/revisions\/1363"}],"wp:featuredmedia":[{"embeddable":true,"href":"http:\/\/www.ankevetter.de\/blog\/index.php?rest_route=\/wp\/v2\/media\/986"}],"wp:attachment":[{"href":"http:\/\/www.ankevetter.de\/blog\/index.php?rest_route=%2Fwp%2Fv2%2Fmedia&parent=985"}],"wp:term":[{"taxonomy":"category","embeddable":true,"href":"http:\/\/www.ankevetter.de\/blog\/index.php?rest_route=%2Fwp%2Fv2%2Fcategories&post=985"},{"taxonomy":"post_tag","embeddable":true,"href":"http:\/\/www.ankevetter.de\/blog\/index.php?rest_route=%2Fwp%2Fv2%2Ftags&post=985"}],"curies":[{"name":"wp","href":"https:\/\/api.w.org\/{rel}","templated":true}]}}