{"id":681,"date":"2014-04-29T18:49:10","date_gmt":"2014-04-29T16:49:10","guid":{"rendered":"http:\/\/www.ankevetter.de\/blog\/?p=681"},"modified":"2015-06-15T13:16:35","modified_gmt":"2015-06-15T11:16:35","slug":"vom-manuskript-zum-buch","status":"publish","type":"post","link":"http:\/\/www.ankevetter.de\/blog\/?p=681","title":{"rendered":"Vom Manuskript zum Buch"},"content":{"rendered":"<p>Sarah Bosse begann ihre Lesungen jeweils mit Heranf\u00fchrung der jungen Zuh\u00f6rerschaft an den Prozess der Entstehung eines Buches. Die Sch\u00fclerinnen und Sch\u00fcler der dritten und vierten Schuljahre im Grundschulverbundes Marienheide waren sehr aufmerksame Zuh\u00f6rer. Und uns Erwachsene hat Sarahs Heranf\u00fchren an ihre Arbeit ebenso begeistert. Danke f\u00fcr den spannenden Vormittag!<\/p>\n<p>Foto: Mit Schulleiterin Susanne Sch\u00f6pf (links) und Sarah Bosse<\/p>\n","protected":false},"excerpt":{"rendered":"<p>Sarah Bosse begann ihre Lesungen jeweils mit Heranf\u00fchrung der jungen Zuh\u00f6rerschaft an den Prozess der Entstehung eines Buches. Die Sch\u00fclerinnen und Sch\u00fcler der dritten und vierten Schuljahre im Grundschulverbundes Marienheide waren sehr aufmerksame Zuh\u00f6rer. Und uns Erwachsene hat Sarahs Heranf\u00fchren an ihre Arbeit ebenso begeistert. Danke f\u00fcr den spannenden Vormittag! Foto: Mit Schulleiterin Susanne Sch\u00f6pf (links) und Sarah Bosse<\/p>\n","protected":false},"author":1,"featured_media":682,"comment_status":"open","ping_status":"open","sticky":false,"template":"","format":"standard","meta":[],"categories":[150,3,36],"tags":[],"_links":{"self":[{"href":"http:\/\/www.ankevetter.de\/blog\/index.php?rest_route=\/wp\/v2\/posts\/681"}],"collection":[{"href":"http:\/\/www.ankevetter.de\/blog\/index.php?rest_route=\/wp\/v2\/posts"}],"about":[{"href":"http:\/\/www.ankevetter.de\/blog\/index.php?rest_route=\/wp\/v2\/types\/post"}],"author":[{"embeddable":true,"href":"http:\/\/www.ankevetter.de\/blog\/index.php?rest_route=\/wp\/v2\/users\/1"}],"replies":[{"embeddable":true,"href":"http:\/\/www.ankevetter.de\/blog\/index.php?rest_route=%2Fwp%2Fv2%2Fcomments&post=681"}],"version-history":[{"count":5,"href":"http:\/\/www.ankevetter.de\/blog\/index.php?rest_route=\/wp\/v2\/posts\/681\/revisions"}],"predecessor-version":[{"id":1384,"href":"http:\/\/www.ankevetter.de\/blog\/index.php?rest_route=\/wp\/v2\/posts\/681\/revisions\/1384"}],"wp:featuredmedia":[{"embeddable":true,"href":"http:\/\/www.ankevetter.de\/blog\/index.php?rest_route=\/wp\/v2\/media\/682"}],"wp:attachment":[{"href":"http:\/\/www.ankevetter.de\/blog\/index.php?rest_route=%2Fwp%2Fv2%2Fmedia&parent=681"}],"wp:term":[{"taxonomy":"category","embeddable":true,"href":"http:\/\/www.ankevetter.de\/blog\/index.php?rest_route=%2Fwp%2Fv2%2Fcategories&post=681"},{"taxonomy":"post_tag","embeddable":true,"href":"http:\/\/www.ankevetter.de\/blog\/index.php?rest_route=%2Fwp%2Fv2%2Ftags&post=681"}],"curies":[{"name":"wp","href":"https:\/\/api.w.org\/{rel}","templated":true}]}}