{"id":565,"date":"2014-04-19T14:58:24","date_gmt":"2014-04-19T12:58:24","guid":{"rendered":"http:\/\/www.ankevetter.de\/blog\/?p=565"},"modified":"2015-06-15T13:28:19","modified_gmt":"2015-06-15T11:28:19","slug":"hasen-fuer-marienheide","status":"publish","type":"post","link":"http:\/\/www.ankevetter.de\/blog\/?p=565","title":{"rendered":"Hasen f\u00fcr Marienheide"},"content":{"rendered":"<p>Zugegeben, sie waren nicht rot &#8211; weder innen noch die Verpackung &#8211; aber das Verteilen und die Freude bei den \u00dcberraschten zu sehen hat gro\u00dfen Spa\u00df gemacht. Frohe Ostern!<\/p>\n<p>Mit Holger Maurer und Gaby Trifonidis<\/p>\n<p><img decoding=\"async\" loading=\"lazy\" src=\"http:\/\/www.ankevetter.de\/blog\/wp-content\/uploads\/osteraktion2.jpg\" alt=\"osteraktion2\" width=\"560\" height=\"350\" class=\"alignnone size-full wp-image-567\" \/><br \/>\nMit Guido Kr\u00fcger (Kr\u00fcger Mode Marienheide)<\/p>\n<p><img decoding=\"async\" loading=\"lazy\" src=\"http:\/\/www.ankevetter.de\/blog\/wp-content\/uploads\/osteraktion3.jpg\" alt=\"osteraktion3\" width=\"560\" height=\"350\" class=\"alignnone size-full wp-image-568\" \/><br \/>\nMit Ulrike und Carina (Ulrikes Haarstudio)<\/p>\n","protected":false},"excerpt":{"rendered":"<p>Zugegeben, sie waren nicht rot &#8211; weder innen noch die Verpackung &#8211; aber das Verteilen und die Freude bei den \u00dcberraschten zu sehen hat gro\u00dfen Spa\u00df gemacht. Frohe Ostern! Mit Holger Maurer und Gaby Trifonidis Mit Guido Kr\u00fcger (Kr\u00fcger Mode Marienheide) Mit Ulrike und Carina (Ulrikes Haarstudio)<\/p>\n","protected":false},"author":1,"featured_media":566,"comment_status":"open","ping_status":"open","sticky":false,"template":"","format":"standard","meta":[],"categories":[23],"tags":[],"_links":{"self":[{"href":"http:\/\/www.ankevetter.de\/blog\/index.php?rest_route=\/wp\/v2\/posts\/565"}],"collection":[{"href":"http:\/\/www.ankevetter.de\/blog\/index.php?rest_route=\/wp\/v2\/posts"}],"about":[{"href":"http:\/\/www.ankevetter.de\/blog\/index.php?rest_route=\/wp\/v2\/types\/post"}],"author":[{"embeddable":true,"href":"http:\/\/www.ankevetter.de\/blog\/index.php?rest_route=\/wp\/v2\/users\/1"}],"replies":[{"embeddable":true,"href":"http:\/\/www.ankevetter.de\/blog\/index.php?rest_route=%2Fwp%2Fv2%2Fcomments&post=565"}],"version-history":[{"count":4,"href":"http:\/\/www.ankevetter.de\/blog\/index.php?rest_route=\/wp\/v2\/posts\/565\/revisions"}],"predecessor-version":[{"id":1387,"href":"http:\/\/www.ankevetter.de\/blog\/index.php?rest_route=\/wp\/v2\/posts\/565\/revisions\/1387"}],"wp:featuredmedia":[{"embeddable":true,"href":"http:\/\/www.ankevetter.de\/blog\/index.php?rest_route=\/wp\/v2\/media\/566"}],"wp:attachment":[{"href":"http:\/\/www.ankevetter.de\/blog\/index.php?rest_route=%2Fwp%2Fv2%2Fmedia&parent=565"}],"wp:term":[{"taxonomy":"category","embeddable":true,"href":"http:\/\/www.ankevetter.de\/blog\/index.php?rest_route=%2Fwp%2Fv2%2Fcategories&post=565"},{"taxonomy":"post_tag","embeddable":true,"href":"http:\/\/www.ankevetter.de\/blog\/index.php?rest_route=%2Fwp%2Fv2%2Ftags&post=565"}],"curies":[{"name":"wp","href":"https:\/\/api.w.org\/{rel}","templated":true}]}}