{"id":519,"date":"2014-04-16T18:54:05","date_gmt":"2014-04-16T16:54:05","guid":{"rendered":"http:\/\/www.ankevetter.de\/blog\/?p=519"},"modified":"2015-06-15T14:00:43","modified_gmt":"2015-06-15T12:00:43","slug":"simply-the-best","status":"publish","type":"post","link":"http:\/\/www.ankevetter.de\/blog\/?p=519","title":{"rendered":"\u201eSimply the best\u201d"},"content":{"rendered":"<p>In der aktuellen Ausgabe der Kommunale, Ver\u00f6ffentlichung der SGK (Sozialdemokratische Gemeinschaft f\u00fcr Kommunalpolitik) in NRW werden die Kandidatinnen und Kandidaten der SPD f\u00fcr Oberb\u00fcrgermeister-, B\u00fcrgermeister- und Landratswahlen aufgelistet. Ich freue mich sehr hier dabei zu sein!<\/p>\n","protected":false},"excerpt":{"rendered":"<p>In der aktuellen Ausgabe der Kommunale, Ver\u00f6ffentlichung der SGK (Sozialdemokratische Gemeinschaft f\u00fcr Kommunalpolitik) in NRW werden die Kandidatinnen und Kandidaten der SPD f\u00fcr Oberb\u00fcrgermeister-, B\u00fcrgermeister- und Landratswahlen aufgelistet. Ich freue mich sehr hier dabei zu sein!<\/p>\n","protected":false},"author":1,"featured_media":520,"comment_status":"open","ping_status":"open","sticky":false,"template":"","format":"standard","meta":[],"categories":[23],"tags":[],"_links":{"self":[{"href":"http:\/\/www.ankevetter.de\/blog\/index.php?rest_route=\/wp\/v2\/posts\/519"}],"collection":[{"href":"http:\/\/www.ankevetter.de\/blog\/index.php?rest_route=\/wp\/v2\/posts"}],"about":[{"href":"http:\/\/www.ankevetter.de\/blog\/index.php?rest_route=\/wp\/v2\/types\/post"}],"author":[{"embeddable":true,"href":"http:\/\/www.ankevetter.de\/blog\/index.php?rest_route=\/wp\/v2\/users\/1"}],"replies":[{"embeddable":true,"href":"http:\/\/www.ankevetter.de\/blog\/index.php?rest_route=%2Fwp%2Fv2%2Fcomments&post=519"}],"version-history":[{"count":5,"href":"http:\/\/www.ankevetter.de\/blog\/index.php?rest_route=\/wp\/v2\/posts\/519\/revisions"}],"predecessor-version":[{"id":1412,"href":"http:\/\/www.ankevetter.de\/blog\/index.php?rest_route=\/wp\/v2\/posts\/519\/revisions\/1412"}],"wp:featuredmedia":[{"embeddable":true,"href":"http:\/\/www.ankevetter.de\/blog\/index.php?rest_route=\/wp\/v2\/media\/520"}],"wp:attachment":[{"href":"http:\/\/www.ankevetter.de\/blog\/index.php?rest_route=%2Fwp%2Fv2%2Fmedia&parent=519"}],"wp:term":[{"taxonomy":"category","embeddable":true,"href":"http:\/\/www.ankevetter.de\/blog\/index.php?rest_route=%2Fwp%2Fv2%2Fcategories&post=519"},{"taxonomy":"post_tag","embeddable":true,"href":"http:\/\/www.ankevetter.de\/blog\/index.php?rest_route=%2Fwp%2Fv2%2Ftags&post=519"}],"curies":[{"name":"wp","href":"https:\/\/api.w.org\/{rel}","templated":true}]}}