{"id":509,"date":"2014-04-13T17:51:25","date_gmt":"2014-04-13T15:51:25","guid":{"rendered":"http:\/\/www.ankevetter.de\/blog\/?p=509"},"modified":"2016-05-05T23:08:05","modified_gmt":"2016-05-05T21:08:05","slug":"mehr-mitbestimmung-in-europa","status":"publish","type":"post","link":"http:\/\/www.ankevetter.de\/blog\/?p=509","title":{"rendered":"Mehr Mitbestimmung in Europa"},"content":{"rendered":"<p>\u201eFrieden ist kein Selbstl\u00e4ufer\u201d, so Tine H\u00f8rdum, SPD-Kandidatin f\u00fcr das Europa-Parlament heute beim Empfang in N\u00fcmbrecht. Mehr \u00fcber unsere engagierte Kandidatin mit Wohnsitz in K\u00f6ln auf ihrer Homepage: www.tinehoerdum.eu <\/p>\n<p>Infos zum Programm der SPD und unseren Spitzenkandidaten Martin Schulz gibt es hier: www.martin-schulz.eu<\/p>\n","protected":false},"excerpt":{"rendered":"<p>\u201eFrieden ist kein Selbstl\u00e4ufer\u201d, so Tine H\u00f8rdum, SPD-Kandidatin f\u00fcr das Europa-Parlament heute beim Empfang in N\u00fcmbrecht. Mehr \u00fcber unsere engagierte Kandidatin mit Wohnsitz in K\u00f6ln auf ihrer Homepage: www.tinehoerdum.eu Infos zum Programm der SPD und unseren Spitzenkandidaten Martin Schulz gibt es hier: www.martin-schulz.eu<\/p>\n","protected":false},"author":1,"featured_media":1393,"comment_status":"open","ping_status":"open","sticky":false,"template":"","format":"standard","meta":[],"categories":[119,23],"tags":[],"_links":{"self":[{"href":"http:\/\/www.ankevetter.de\/blog\/index.php?rest_route=\/wp\/v2\/posts\/509"}],"collection":[{"href":"http:\/\/www.ankevetter.de\/blog\/index.php?rest_route=\/wp\/v2\/posts"}],"about":[{"href":"http:\/\/www.ankevetter.de\/blog\/index.php?rest_route=\/wp\/v2\/types\/post"}],"author":[{"embeddable":true,"href":"http:\/\/www.ankevetter.de\/blog\/index.php?rest_route=\/wp\/v2\/users\/1"}],"replies":[{"embeddable":true,"href":"http:\/\/www.ankevetter.de\/blog\/index.php?rest_route=%2Fwp%2Fv2%2Fcomments&post=509"}],"version-history":[{"count":5,"href":"http:\/\/www.ankevetter.de\/blog\/index.php?rest_route=\/wp\/v2\/posts\/509\/revisions"}],"predecessor-version":[{"id":1394,"href":"http:\/\/www.ankevetter.de\/blog\/index.php?rest_route=\/wp\/v2\/posts\/509\/revisions\/1394"}],"wp:featuredmedia":[{"embeddable":true,"href":"http:\/\/www.ankevetter.de\/blog\/index.php?rest_route=\/wp\/v2\/media\/1393"}],"wp:attachment":[{"href":"http:\/\/www.ankevetter.de\/blog\/index.php?rest_route=%2Fwp%2Fv2%2Fmedia&parent=509"}],"wp:term":[{"taxonomy":"category","embeddable":true,"href":"http:\/\/www.ankevetter.de\/blog\/index.php?rest_route=%2Fwp%2Fv2%2Fcategories&post=509"},{"taxonomy":"post_tag","embeddable":true,"href":"http:\/\/www.ankevetter.de\/blog\/index.php?rest_route=%2Fwp%2Fv2%2Ftags&post=509"}],"curies":[{"name":"wp","href":"https:\/\/api.w.org\/{rel}","templated":true}]}}