{"id":297,"date":"2014-03-18T21:47:37","date_gmt":"2014-03-18T19:47:37","guid":{"rendered":"http:\/\/www.ankevetter.de\/blog\/?p=297"},"modified":"2016-05-05T23:10:07","modified_gmt":"2016-05-05T21:10:07","slug":"im-landtag-nrw","status":"publish","type":"post","link":"http:\/\/www.ankevetter.de\/blog\/?p=297","title":{"rendered":"Im Landtag NRW"},"content":{"rendered":"<p>Nicholas Hellmann und ich haben heute im Landtag bei der Veranstaltung der SGK (Sozialdemokratische Gemeinschaft f\u00fcr Kommunalpolitik) und Vertretern der SPD-Landtagsfraktion viel zu aktuellen Fragen geh\u00f6rt. Besonders interessant waren die Aussagen zur Inklusion in Schulen. Dieses Thema ist auch f\u00fcr Marienheide sehr relevant. Im Foyer des Landtages haben wir noch unseren Landtagsabgeordneten Dr. Roland Adelmann (Foto Mitte) aus Wiehl getroffen.<\/p>\n","protected":false},"excerpt":{"rendered":"<p>Nicholas Hellmann und ich haben heute im Landtag bei der Veranstaltung der SGK (Sozialdemokratische Gemeinschaft f\u00fcr Kommunalpolitik) und Vertretern der SPD-Landtagsfraktion viel zu aktuellen Fragen geh\u00f6rt. Besonders interessant waren die Aussagen zur Inklusion in Schulen. Dieses Thema ist auch f\u00fcr Marienheide sehr relevant. Im Foyer des Landtages haben wir noch unseren Landtagsabgeordneten Dr. Roland Adelmann (Foto Mitte) aus Wiehl getroffen.<\/p>\n","protected":false},"author":1,"featured_media":298,"comment_status":"open","ping_status":"open","sticky":false,"template":"","format":"standard","meta":[],"categories":[119,23],"tags":[],"_links":{"self":[{"href":"http:\/\/www.ankevetter.de\/blog\/index.php?rest_route=\/wp\/v2\/posts\/297"}],"collection":[{"href":"http:\/\/www.ankevetter.de\/blog\/index.php?rest_route=\/wp\/v2\/posts"}],"about":[{"href":"http:\/\/www.ankevetter.de\/blog\/index.php?rest_route=\/wp\/v2\/types\/post"}],"author":[{"embeddable":true,"href":"http:\/\/www.ankevetter.de\/blog\/index.php?rest_route=\/wp\/v2\/users\/1"}],"replies":[{"embeddable":true,"href":"http:\/\/www.ankevetter.de\/blog\/index.php?rest_route=%2Fwp%2Fv2%2Fcomments&post=297"}],"version-history":[{"count":5,"href":"http:\/\/www.ankevetter.de\/blog\/index.php?rest_route=\/wp\/v2\/posts\/297\/revisions"}],"predecessor-version":[{"id":1406,"href":"http:\/\/www.ankevetter.de\/blog\/index.php?rest_route=\/wp\/v2\/posts\/297\/revisions\/1406"}],"wp:featuredmedia":[{"embeddable":true,"href":"http:\/\/www.ankevetter.de\/blog\/index.php?rest_route=\/wp\/v2\/media\/298"}],"wp:attachment":[{"href":"http:\/\/www.ankevetter.de\/blog\/index.php?rest_route=%2Fwp%2Fv2%2Fmedia&parent=297"}],"wp:term":[{"taxonomy":"category","embeddable":true,"href":"http:\/\/www.ankevetter.de\/blog\/index.php?rest_route=%2Fwp%2Fv2%2Fcategories&post=297"},{"taxonomy":"post_tag","embeddable":true,"href":"http:\/\/www.ankevetter.de\/blog\/index.php?rest_route=%2Fwp%2Fv2%2Ftags&post=297"}],"curies":[{"name":"wp","href":"https:\/\/api.w.org\/{rel}","templated":true}]}}