{"id":268,"date":"2014-03-13T00:54:34","date_gmt":"2014-03-12T22:54:34","guid":{"rendered":"http:\/\/www.ankevetter.de\/blog\/?p=268"},"modified":"2014-04-26T17:17:32","modified_gmt":"2014-04-26T15:17:32","slug":"mythos-fachkraeftemangel","status":"publish","type":"post","link":"http:\/\/www.ankevetter.de\/blog\/?p=268","title":{"rendered":"Mythos Fachkr\u00e4ftemangel"},"content":{"rendered":"<p>Auf Einladung der Familienunternehmer Regionalgruppe Oberberg habe ich heute einen spannenden Vortrag von Martin Gaedt (Foto) geh\u00f6rt. Er stellte seine These \u201ees herrscht kein Mangel an qualifizierten Arbeitskr\u00e4ften, sondern ein fatales Verteilungsproblem in Unternehmen&#8220; und zeigte L\u00f6sungsans\u00e4tze auf.<\/p>\n<p><a href=\"http:\/\/www.ankevetter.de\/blog\/wp-content\/uploads\/martin-gaedt.jpg\"><img decoding=\"async\" loading=\"lazy\" src=\"http:\/\/www.ankevetter.de\/blog\/wp-content\/uploads\/martin-gaedt.jpg\" alt=\"martin-gaedt\" width=\"560\" height=\"350\" class=\"alignnone size-full wp-image-255\" \/><\/a><\/p>\n","protected":false},"excerpt":{"rendered":"<p>Auf Einladung der Familienunternehmer Regionalgruppe Oberberg habe ich heute einen spannenden Vortrag von Martin Gaedt (Foto) geh\u00f6rt. Er stellte seine These \u201ees herrscht kein Mangel an qualifizierten Arbeitskr\u00e4ften, sondern ein fatales Verteilungsproblem in Unternehmen&#8220; und zeigte L\u00f6sungsans\u00e4tze auf.<\/p>\n","protected":false},"author":1,"featured_media":0,"comment_status":"open","ping_status":"open","sticky":false,"template":"","format":"standard","meta":[],"categories":[4,101,100],"tags":[],"_links":{"self":[{"href":"http:\/\/www.ankevetter.de\/blog\/index.php?rest_route=\/wp\/v2\/posts\/268"}],"collection":[{"href":"http:\/\/www.ankevetter.de\/blog\/index.php?rest_route=\/wp\/v2\/posts"}],"about":[{"href":"http:\/\/www.ankevetter.de\/blog\/index.php?rest_route=\/wp\/v2\/types\/post"}],"author":[{"embeddable":true,"href":"http:\/\/www.ankevetter.de\/blog\/index.php?rest_route=\/wp\/v2\/users\/1"}],"replies":[{"embeddable":true,"href":"http:\/\/www.ankevetter.de\/blog\/index.php?rest_route=%2Fwp%2Fv2%2Fcomments&post=268"}],"version-history":[{"count":1,"href":"http:\/\/www.ankevetter.de\/blog\/index.php?rest_route=\/wp\/v2\/posts\/268\/revisions"}],"predecessor-version":[{"id":269,"href":"http:\/\/www.ankevetter.de\/blog\/index.php?rest_route=\/wp\/v2\/posts\/268\/revisions\/269"}],"wp:attachment":[{"href":"http:\/\/www.ankevetter.de\/blog\/index.php?rest_route=%2Fwp%2Fv2%2Fmedia&parent=268"}],"wp:term":[{"taxonomy":"category","embeddable":true,"href":"http:\/\/www.ankevetter.de\/blog\/index.php?rest_route=%2Fwp%2Fv2%2Fcategories&post=268"},{"taxonomy":"post_tag","embeddable":true,"href":"http:\/\/www.ankevetter.de\/blog\/index.php?rest_route=%2Fwp%2Fv2%2Ftags&post=268"}],"curies":[{"name":"wp","href":"https:\/\/api.w.org\/{rel}","templated":true}]}}