{"id":1997,"date":"2025-03-16T13:35:43","date_gmt":"2025-03-16T11:35:43","guid":{"rendered":"http:\/\/www.ankevetter.de\/blog\/?p=1997"},"modified":"2025-03-16T13:38:01","modified_gmt":"2025-03-16T11:38:01","slug":"gleichstellung-jetzt-erst-recht","status":"publish","type":"post","link":"http:\/\/www.ankevetter.de\/blog\/?p=1997","title":{"rendered":"Gleichstellung. Jetzt erst recht!"},"content":{"rendered":"\n<p>Podiumsdiskussion der AWO in Marienheide<\/p>\n\n\n\n<p>Laut Statistischem Bundesamt waren 2023 insgesamt 22,1 % der Frauen in Deutschland von Armut oder sozialer Ausgrenzung betroffen. In 2020 waren es 21,2%, die Zahl ist also stetig gewachsen. Der Deutsche Gewerkschaftsbund und der Sozialverband Deutschland haben neue Recherchen und Studien ver\u00f6ffentlicht, die sich mit diesen dramatisch zuspitzenden Zahlen besch\u00e4ftigen.<\/p>\n\n\n\n<p>Wie konnte es soweit kommen? Was ist n\u00f6tig, um Abhilfe zu schaffen? Diesen Fragen und welche Ma\u00dfnahmen die zuk\u00fcnftige Bundesregierung ergreifen soll, wird der AWO Ortsverband Marienheide mit Elke Hannack, der stellvertretenden Vorsitzenden des DGB und Michaela Engelmeier, Vorstandsvorsitzende des SoVD am Samstag, 22. M\u00e4rz 2025, 11:00 Uhr -14:00 Uhr im Alten Bahnhof Marienheide diskutieren.<\/p>\n\n\n\n<p>Die Veranstaltung ist frei. Moderieren werden Monika Mielke und Anke Vetter.<\/p>\n","protected":false},"excerpt":{"rendered":"<p>Podiumsdiskussion der AWO in Marienheide Laut Statistischem Bundesamt waren 2023 insgesamt 22,1 % der Frauen in Deutschland von Armut oder sozialer Ausgrenzung betroffen. In 2020 waren es 21,2%, die Zahl ist also stetig gewachsen. Der Deutsche Gewerkschaftsbund und der Sozialverband Deutschland haben neue Recherchen und Studien ver\u00f6ffentlicht, die sich mit diesen dramatisch zuspitzenden Zahlen besch\u00e4ftigen. Wie konnte es soweit kommen? [&hellip;]<\/p>\n","protected":false},"author":1,"featured_media":1995,"comment_status":"open","ping_status":"open","sticky":false,"template":"","format":"standard","meta":[],"categories":[97],"tags":[],"_links":{"self":[{"href":"http:\/\/www.ankevetter.de\/blog\/index.php?rest_route=\/wp\/v2\/posts\/1997"}],"collection":[{"href":"http:\/\/www.ankevetter.de\/blog\/index.php?rest_route=\/wp\/v2\/posts"}],"about":[{"href":"http:\/\/www.ankevetter.de\/blog\/index.php?rest_route=\/wp\/v2\/types\/post"}],"author":[{"embeddable":true,"href":"http:\/\/www.ankevetter.de\/blog\/index.php?rest_route=\/wp\/v2\/users\/1"}],"replies":[{"embeddable":true,"href":"http:\/\/www.ankevetter.de\/blog\/index.php?rest_route=%2Fwp%2Fv2%2Fcomments&post=1997"}],"version-history":[{"count":1,"href":"http:\/\/www.ankevetter.de\/blog\/index.php?rest_route=\/wp\/v2\/posts\/1997\/revisions"}],"predecessor-version":[{"id":1998,"href":"http:\/\/www.ankevetter.de\/blog\/index.php?rest_route=\/wp\/v2\/posts\/1997\/revisions\/1998"}],"wp:featuredmedia":[{"embeddable":true,"href":"http:\/\/www.ankevetter.de\/blog\/index.php?rest_route=\/wp\/v2\/media\/1995"}],"wp:attachment":[{"href":"http:\/\/www.ankevetter.de\/blog\/index.php?rest_route=%2Fwp%2Fv2%2Fmedia&parent=1997"}],"wp:term":[{"taxonomy":"category","embeddable":true,"href":"http:\/\/www.ankevetter.de\/blog\/index.php?rest_route=%2Fwp%2Fv2%2Fcategories&post=1997"},{"taxonomy":"post_tag","embeddable":true,"href":"http:\/\/www.ankevetter.de\/blog\/index.php?rest_route=%2Fwp%2Fv2%2Ftags&post=1997"}],"curies":[{"name":"wp","href":"https:\/\/api.w.org\/{rel}","templated":true}]}}