{"id":1983,"date":"2023-11-23T13:00:00","date_gmt":"2023-11-23T11:00:00","guid":{"rendered":"http:\/\/www.ankevetter.de\/blog\/?p=1983"},"modified":"2024-05-25T13:07:24","modified_gmt":"2024-05-25T11:07:24","slug":"vorsitzende-spd-marienheide","status":"publish","type":"post","link":"http:\/\/www.ankevetter.de\/blog\/?p=1983","title":{"rendered":"Vorsitzende SPD Marienheide"},"content":{"rendered":"\n<p>Sich vor Ort engagieren, Menschen zusammen bringen, einfach was tun &#8211; das will ich gerne nochmal leben.<\/p>\n\n\n\n<p>Wir wollen in Marienheide mehr Menschen f\u00fcr die Politik gewinnen. Wir werden Gespr\u00e4che und Veranstaltungen anbieten, um alle Generationen wieder mehr an demokratischen Entscheidungen zu beteiligen, dies ist gerade in den aktuellen Zeiten wichtiger als jemals. <\/p>\n\n\n\n<p>Meinem Vorg\u00e4nger Harald Kramer und Birgit Meckel als stellvertretende Vorsitzende haben den Ortsverein in den letzten Jahren durch schwierige Zeiten gef\u00fchrt. Daf\u00fcr geb\u00fchrt ihnen gro\u00dfer Dank.<\/p>\n\n\n\n<p>Wer Interesse daran hat, das eigene, unmittelbare Lebensumfeld mitzugestalten ist bei der SPD Marienheide herzlich willkommen. Weitere Informationen zum Ortsverein und Ansprechpersonen unter <a rel=\"noreferrer noopener\" href=\"https:\/\/l.facebook.com\/l.php?u=http%3A%2F%2Fwww.spd-marienheide.de%2F%3Ffbclid%3DIwZXh0bgNhZW0CMTAAAR1Hpp0IxD3-wSu9fX2s4SG-tBSR4N-_l_jUfGk4GxVYE0WzclTXlL9IAMg_aem_AaYe8I6xSfYrK9r1M_MbBLzAqS1iz9NKOMbh-2ctlHcBw4EIUL5v1VQdgL2BNNGLL8n-kWw9Q5AIapfhaCU0_fep&amp;h=AT235XG6OzYnvWRjeBqylEHUfVdGMFSH66fUzWcFcRpOzmNUNzv0VEtpSreXUKQz3jk0hwGIxIOVA7OdibsQ_Vhv6jvPbbL8dcktUL-odOd2KVc2yXwF99d7ds_Br9knLOpoQcdbF4BobFheIQ&amp;__tn__=-UK-y-R&amp;c[0]=AT2tydjL41HZ0snTeUxONkMSeL_b6dYX4cshim1-C0Nbq7tYYOwNn2mGumLjB_BEYfQr4H-b5pgwygr_k8LkLJIMODrhZyaFc9tO5M3wKfmYC4GiI_wmZEgKMRInl90gKErkZkf4j5M6xHDeNzRTevzT1dfDwHQNh-Hum7XiX63sIFW1295kWFGqD8gMF8rRV18vZObCJfEcjZneezJ8nIYvQHR_lhM-C4Bbnlfx1_S8LehBdaQ0_kbH5Tn6Q2Q\" target=\"_blank\">www.spd-marienheide.de<\/a><\/p>\n","protected":false},"excerpt":{"rendered":"<p>Sich vor Ort engagieren, Menschen zusammen bringen, einfach was tun &#8211; das will ich gerne nochmal leben. Wir wollen in Marienheide mehr Menschen f\u00fcr die Politik gewinnen. Wir werden Gespr\u00e4che und Veranstaltungen anbieten, um alle Generationen wieder mehr an demokratischen Entscheidungen zu beteiligen, dies ist gerade in den aktuellen Zeiten wichtiger als jemals. Meinem Vorg\u00e4nger Harald Kramer und Birgit Meckel [&hellip;]<\/p>\n","protected":false},"author":1,"featured_media":1984,"comment_status":"open","ping_status":"open","sticky":false,"template":"","format":"standard","meta":[],"categories":[119,23],"tags":[],"_links":{"self":[{"href":"http:\/\/www.ankevetter.de\/blog\/index.php?rest_route=\/wp\/v2\/posts\/1983"}],"collection":[{"href":"http:\/\/www.ankevetter.de\/blog\/index.php?rest_route=\/wp\/v2\/posts"}],"about":[{"href":"http:\/\/www.ankevetter.de\/blog\/index.php?rest_route=\/wp\/v2\/types\/post"}],"author":[{"embeddable":true,"href":"http:\/\/www.ankevetter.de\/blog\/index.php?rest_route=\/wp\/v2\/users\/1"}],"replies":[{"embeddable":true,"href":"http:\/\/www.ankevetter.de\/blog\/index.php?rest_route=%2Fwp%2Fv2%2Fcomments&post=1983"}],"version-history":[{"count":3,"href":"http:\/\/www.ankevetter.de\/blog\/index.php?rest_route=\/wp\/v2\/posts\/1983\/revisions"}],"predecessor-version":[{"id":1988,"href":"http:\/\/www.ankevetter.de\/blog\/index.php?rest_route=\/wp\/v2\/posts\/1983\/revisions\/1988"}],"wp:featuredmedia":[{"embeddable":true,"href":"http:\/\/www.ankevetter.de\/blog\/index.php?rest_route=\/wp\/v2\/media\/1984"}],"wp:attachment":[{"href":"http:\/\/www.ankevetter.de\/blog\/index.php?rest_route=%2Fwp%2Fv2%2Fmedia&parent=1983"}],"wp:term":[{"taxonomy":"category","embeddable":true,"href":"http:\/\/www.ankevetter.de\/blog\/index.php?rest_route=%2Fwp%2Fv2%2Fcategories&post=1983"},{"taxonomy":"post_tag","embeddable":true,"href":"http:\/\/www.ankevetter.de\/blog\/index.php?rest_route=%2Fwp%2Fv2%2Ftags&post=1983"}],"curies":[{"name":"wp","href":"https:\/\/api.w.org\/{rel}","templated":true}]}}