{"id":194,"date":"2014-03-09T15:44:06","date_gmt":"2014-03-09T13:44:06","guid":{"rendered":"http:\/\/www.littlebluefish.de\/misc\/ankevetter\/?p=194"},"modified":"2014-04-26T17:19:49","modified_gmt":"2014-04-26T15:19:49","slug":"baerchenwettkampf-in-der-turnhalle-rodt","status":"publish","type":"post","link":"http:\/\/www.ankevetter.de\/blog\/?p=194","title":{"rendered":"B\u00e4rchenwettkampf in der Turnhalle Rodt"},"content":{"rendered":"<p>Die Turnhalle des TV Rodt-M\u00fcllenbach war Sonntagmorgen \u201egerappelt\u201d voll mit aufgeregten kleinen Turnerinnen und deren Eltern, vielen Betreuern und Trainern beim B\u00e4rchenwettkampf des Turnverbandes Aggertal-Oberberg. Ein Hauch vom olympischen Geist \u201edabei sein ist alles\u201d war zu sp\u00fcren. Ich habe mich gefreut, in meiner Begr\u00fc\u00dfung noch einmal den Verantwortlichen des TV Rodt-M\u00fcllenbach f\u00fcr die \u00dcbernahme der Turnhalle Rodt meinen ganz pers\u00f6nlichen Dank aussprechen zu k\u00f6nnen.<\/p>\n<p><img decoding=\"async\" loading=\"lazy\" class=\"alignnone size-full wp-image-226\" alt=\"anke_mit_harald\" src=\"http:\/\/www.ankevetter.de\/blog\/wp-content\/uploads\/anke_mit_harald.jpg\" width=\"560\" height=\"350\" \/><br \/>\nMit Harald Kramer, einem der Verantwortlichen des TV Rodt-M\u00fcllenbach, Abteilung Turnen<\/p>\n","protected":false},"excerpt":{"rendered":"<p>Die Turnhalle des TV Rodt-M\u00fcllenbach war Sonntagmorgen \u201egerappelt\u201d voll mit aufgeregten kleinen Turnerinnen und deren Eltern, vielen Betreuern und Trainern beim B\u00e4rchenwettkampf des Turnverbandes Aggertal-Oberberg. Ein Hauch vom olympischen Geist \u201edabei sein ist alles\u201d war zu sp\u00fcren. Ich habe mich gefreut, in meiner Begr\u00fc\u00dfung noch einmal den Verantwortlichen des TV Rodt-M\u00fcllenbach f\u00fcr die \u00dcbernahme der Turnhalle Rodt meinen ganz pers\u00f6nlichen [&hellip;]<\/p>\n","protected":false},"author":1,"featured_media":0,"comment_status":"open","ping_status":"open","sticky":false,"template":"","format":"standard","meta":[],"categories":[50,5],"tags":[18,17,16],"_links":{"self":[{"href":"http:\/\/www.ankevetter.de\/blog\/index.php?rest_route=\/wp\/v2\/posts\/194"}],"collection":[{"href":"http:\/\/www.ankevetter.de\/blog\/index.php?rest_route=\/wp\/v2\/posts"}],"about":[{"href":"http:\/\/www.ankevetter.de\/blog\/index.php?rest_route=\/wp\/v2\/types\/post"}],"author":[{"embeddable":true,"href":"http:\/\/www.ankevetter.de\/blog\/index.php?rest_route=\/wp\/v2\/users\/1"}],"replies":[{"embeddable":true,"href":"http:\/\/www.ankevetter.de\/blog\/index.php?rest_route=%2Fwp%2Fv2%2Fcomments&post=194"}],"version-history":[{"count":3,"href":"http:\/\/www.ankevetter.de\/blog\/index.php?rest_route=\/wp\/v2\/posts\/194\/revisions"}],"predecessor-version":[{"id":257,"href":"http:\/\/www.ankevetter.de\/blog\/index.php?rest_route=\/wp\/v2\/posts\/194\/revisions\/257"}],"wp:attachment":[{"href":"http:\/\/www.ankevetter.de\/blog\/index.php?rest_route=%2Fwp%2Fv2%2Fmedia&parent=194"}],"wp:term":[{"taxonomy":"category","embeddable":true,"href":"http:\/\/www.ankevetter.de\/blog\/index.php?rest_route=%2Fwp%2Fv2%2Fcategories&post=194"},{"taxonomy":"post_tag","embeddable":true,"href":"http:\/\/www.ankevetter.de\/blog\/index.php?rest_route=%2Fwp%2Fv2%2Ftags&post=194"}],"curies":[{"name":"wp","href":"https:\/\/api.w.org\/{rel}","templated":true}]}}