{"id":1534,"date":"2015-07-15T09:17:07","date_gmt":"2015-07-15T07:17:07","guid":{"rendered":"http:\/\/www.ankevetter.de\/blog\/?p=1534"},"modified":"2016-05-05T22:52:31","modified_gmt":"2016-05-05T20:52:31","slug":"zu-besuch-bei-der-regierungspraesidentin","status":"publish","type":"post","link":"http:\/\/www.ankevetter.de\/blog\/?p=1534","title":{"rendered":"Zu Besuch bei der Regierungspr\u00e4sidentin"},"content":{"rendered":"<p>Gisela Walsken, Regierungspr\u00e4sidentin der Regierungsbezirk K\u00f6ln habe ich in den vergangenen Jahren h\u00e4ufig bei ganz unterschiedlichen Veranstaltungen getroffen. Jetzt gab es f\u00fcr meine Fraktion die Gelegenheit die Regierungspr\u00e4sidentin in K\u00f6ln zu sprechen, die wir sehr gerne wahrgenommen haben.<\/p>\n<p>Foto: v.l. Holger Maurer, Nicholas Hellmann, Gisela Walsken, ich, Harald Kramer<\/p>\n","protected":false},"excerpt":{"rendered":"<p>Gisela Walsken, Regierungspr\u00e4sidentin der Regierungsbezirk K\u00f6ln habe ich in den vergangenen Jahren h\u00e4ufig bei ganz unterschiedlichen Veranstaltungen getroffen. Jetzt gab es f\u00fcr meine Fraktion die Gelegenheit die Regierungspr\u00e4sidentin in K\u00f6ln zu sprechen, die wir sehr gerne wahrgenommen haben. Foto: v.l. Holger Maurer, Nicholas Hellmann, Gisela Walsken, ich, Harald Kramer<\/p>\n","protected":false},"author":1,"featured_media":1535,"comment_status":"open","ping_status":"open","sticky":false,"template":"","format":"standard","meta":[],"categories":[119,23],"tags":[],"_links":{"self":[{"href":"http:\/\/www.ankevetter.de\/blog\/index.php?rest_route=\/wp\/v2\/posts\/1534"}],"collection":[{"href":"http:\/\/www.ankevetter.de\/blog\/index.php?rest_route=\/wp\/v2\/posts"}],"about":[{"href":"http:\/\/www.ankevetter.de\/blog\/index.php?rest_route=\/wp\/v2\/types\/post"}],"author":[{"embeddable":true,"href":"http:\/\/www.ankevetter.de\/blog\/index.php?rest_route=\/wp\/v2\/users\/1"}],"replies":[{"embeddable":true,"href":"http:\/\/www.ankevetter.de\/blog\/index.php?rest_route=%2Fwp%2Fv2%2Fcomments&post=1534"}],"version-history":[{"count":1,"href":"http:\/\/www.ankevetter.de\/blog\/index.php?rest_route=\/wp\/v2\/posts\/1534\/revisions"}],"predecessor-version":[{"id":1538,"href":"http:\/\/www.ankevetter.de\/blog\/index.php?rest_route=\/wp\/v2\/posts\/1534\/revisions\/1538"}],"wp:featuredmedia":[{"embeddable":true,"href":"http:\/\/www.ankevetter.de\/blog\/index.php?rest_route=\/wp\/v2\/media\/1535"}],"wp:attachment":[{"href":"http:\/\/www.ankevetter.de\/blog\/index.php?rest_route=%2Fwp%2Fv2%2Fmedia&parent=1534"}],"wp:term":[{"taxonomy":"category","embeddable":true,"href":"http:\/\/www.ankevetter.de\/blog\/index.php?rest_route=%2Fwp%2Fv2%2Fcategories&post=1534"},{"taxonomy":"post_tag","embeddable":true,"href":"http:\/\/www.ankevetter.de\/blog\/index.php?rest_route=%2Fwp%2Fv2%2Ftags&post=1534"}],"curies":[{"name":"wp","href":"https:\/\/api.w.org\/{rel}","templated":true}]}}