{"id":1145,"date":"2014-12-04T14:50:06","date_gmt":"2014-12-04T12:50:06","guid":{"rendered":"http:\/\/www.ankevetter.de\/blog\/?p=1145"},"modified":"2015-06-15T12:18:27","modified_gmt":"2015-06-15T10:18:27","slug":"fluechtlinge-in-marienheide-was-koennen-wir-tun","status":"publish","type":"post","link":"http:\/\/www.ankevetter.de\/blog\/?p=1145","title":{"rendered":"\u201eFl\u00fcchtlinge in Marienheide \u2013 was k\u00f6nnen wir tun?\u201c"},"content":{"rendered":"<p>Einladung zur Auftaktveranstaltung am 16. Dezember, um 19:00 Uhr im Ev. Gemeindesaal Marienheide<\/p>\n<p>Zurzeit sind rund 60 Menschen in Asylverfahren in der Gemeinde Marienheide untergebracht, die Zahl ist steigend. Wir wollen diesen Menschen mit Respekt begegnen, ihnen die Hand reichen, wo Hilfe gew\u00fcnscht ist unterst\u00fctzen und sie integrieren. In der Gesellschaft werben wir f\u00fcr Akzeptanz und Offenheit.<\/p>\n<p>Der Ortsverband der Gr\u00fcnen\/B\u00fcndnis 90 und der Ortsverein der SPD in Marienheide sind schon einige Zeit Mitglied im \u201eNetzwerk gegen Rechts\u201c im Oberbergischen Kreis. Die neue Mitgliedschaft der Gemeinde Marienheide zum Anlass nehmend, werden wir in dieser Veranstaltung engagierte Menschen, die sich f\u00fcr die Asylbewerber vor Ort einsetzen wollen zusammenf\u00fchren.<\/p>\n<p>Alle Bev\u00f6lkerungsgruppen sind angesprochen und eingeladen hier teilzunehmen. Wir wollen Ideen sammeln und ein m\u00f6glichst breites Netz in einem \u201eB\u00fcndnis f\u00fcr Fl\u00fcchtlinge\u201c kn\u00fcpfen.<\/p>\n<p>F\u00fcr unsere Planung bitten wir um Anmeldung per Email. <\/p>\n","protected":false},"excerpt":{"rendered":"<p>Einladung zur Auftaktveranstaltung am 16. Dezember, um 19:00 Uhr im Ev. Gemeindesaal Marienheide Zurzeit sind rund 60 Menschen in Asylverfahren in der Gemeinde Marienheide untergebracht, die Zahl ist steigend. Wir wollen diesen Menschen mit Respekt begegnen, ihnen die Hand reichen, wo Hilfe gew\u00fcnscht ist unterst\u00fctzen und sie integrieren. In der Gesellschaft werben wir f\u00fcr Akzeptanz und Offenheit. Der Ortsverband der [&hellip;]<\/p>\n","protected":false},"author":1,"featured_media":1146,"comment_status":"open","ping_status":"open","sticky":false,"template":"","format":"standard","meta":[],"categories":[38,23],"tags":[],"_links":{"self":[{"href":"http:\/\/www.ankevetter.de\/blog\/index.php?rest_route=\/wp\/v2\/posts\/1145"}],"collection":[{"href":"http:\/\/www.ankevetter.de\/blog\/index.php?rest_route=\/wp\/v2\/posts"}],"about":[{"href":"http:\/\/www.ankevetter.de\/blog\/index.php?rest_route=\/wp\/v2\/types\/post"}],"author":[{"embeddable":true,"href":"http:\/\/www.ankevetter.de\/blog\/index.php?rest_route=\/wp\/v2\/users\/1"}],"replies":[{"embeddable":true,"href":"http:\/\/www.ankevetter.de\/blog\/index.php?rest_route=%2Fwp%2Fv2%2Fcomments&post=1145"}],"version-history":[{"count":2,"href":"http:\/\/www.ankevetter.de\/blog\/index.php?rest_route=\/wp\/v2\/posts\/1145\/revisions"}],"predecessor-version":[{"id":1340,"href":"http:\/\/www.ankevetter.de\/blog\/index.php?rest_route=\/wp\/v2\/posts\/1145\/revisions\/1340"}],"wp:featuredmedia":[{"embeddable":true,"href":"http:\/\/www.ankevetter.de\/blog\/index.php?rest_route=\/wp\/v2\/media\/1146"}],"wp:attachment":[{"href":"http:\/\/www.ankevetter.de\/blog\/index.php?rest_route=%2Fwp%2Fv2%2Fmedia&parent=1145"}],"wp:term":[{"taxonomy":"category","embeddable":true,"href":"http:\/\/www.ankevetter.de\/blog\/index.php?rest_route=%2Fwp%2Fv2%2Fcategories&post=1145"},{"taxonomy":"post_tag","embeddable":true,"href":"http:\/\/www.ankevetter.de\/blog\/index.php?rest_route=%2Fwp%2Fv2%2Ftags&post=1145"}],"curies":[{"name":"wp","href":"https:\/\/api.w.org\/{rel}","templated":true}]}}