{"id":1112,"date":"2014-10-21T15:45:37","date_gmt":"2014-10-21T13:45:37","guid":{"rendered":"http:\/\/www.ankevetter.de\/blog\/?p=1112"},"modified":"2015-06-15T12:31:17","modified_gmt":"2015-06-15T10:31:17","slug":"ag-lesben-schwule-in-der-spd","status":"publish","type":"post","link":"http:\/\/www.ankevetter.de\/blog\/?p=1112","title":{"rendered":"AG Lesben &#038; Schwule in der SPD"},"content":{"rendered":"<p>Unsere Bundeskonferenz am Wochenende in N\u00fcrnberg hat mich sehr motiviert. \u201eWir aus NRW\u201d sind als Gruppe aufgetreten, haben uns viel Zeit f\u00fcr Gespr\u00e4che und Diskussionen genommen und gehen gest\u00e4rkt als Team kommende Aufgaben an. <\/p>\n<p>Die Generalsekret\u00e4rin der SPD, Yasmin Fahimi (Foto), und weitere Abgeordnete und in Bayern verantwortliche Genossen haben unsere Konferenz besucht, und damit ihre Wertsch\u00e4tzung unseres Engagements zum Ausdruck gebracht. Auf dem Foto sind links Ulrich Thoden, wie ich stellv. Landesvorsitzender der AG in NRW und rechts Fabian Spiess, unser Vorsitzender der AG in NRW.<\/p>\n","protected":false},"excerpt":{"rendered":"<p>Unsere Bundeskonferenz am Wochenende in N\u00fcrnberg hat mich sehr motiviert. \u201eWir aus NRW\u201d sind als Gruppe aufgetreten, haben uns viel Zeit f\u00fcr Gespr\u00e4che und Diskussionen genommen und gehen gest\u00e4rkt als Team kommende Aufgaben an. Die Generalsekret\u00e4rin der SPD, Yasmin Fahimi (Foto), und weitere Abgeordnete und in Bayern verantwortliche Genossen haben unsere Konferenz besucht, und damit ihre Wertsch\u00e4tzung unseres Engagements zum [&hellip;]<\/p>\n","protected":false},"author":1,"featured_media":1113,"comment_status":"open","ping_status":"open","sticky":false,"template":"","format":"standard","meta":[],"categories":[23],"tags":[],"_links":{"self":[{"href":"http:\/\/www.ankevetter.de\/blog\/index.php?rest_route=\/wp\/v2\/posts\/1112"}],"collection":[{"href":"http:\/\/www.ankevetter.de\/blog\/index.php?rest_route=\/wp\/v2\/posts"}],"about":[{"href":"http:\/\/www.ankevetter.de\/blog\/index.php?rest_route=\/wp\/v2\/types\/post"}],"author":[{"embeddable":true,"href":"http:\/\/www.ankevetter.de\/blog\/index.php?rest_route=\/wp\/v2\/users\/1"}],"replies":[{"embeddable":true,"href":"http:\/\/www.ankevetter.de\/blog\/index.php?rest_route=%2Fwp%2Fv2%2Fcomments&post=1112"}],"version-history":[{"count":2,"href":"http:\/\/www.ankevetter.de\/blog\/index.php?rest_route=\/wp\/v2\/posts\/1112\/revisions"}],"predecessor-version":[{"id":1348,"href":"http:\/\/www.ankevetter.de\/blog\/index.php?rest_route=\/wp\/v2\/posts\/1112\/revisions\/1348"}],"wp:featuredmedia":[{"embeddable":true,"href":"http:\/\/www.ankevetter.de\/blog\/index.php?rest_route=\/wp\/v2\/media\/1113"}],"wp:attachment":[{"href":"http:\/\/www.ankevetter.de\/blog\/index.php?rest_route=%2Fwp%2Fv2%2Fmedia&parent=1112"}],"wp:term":[{"taxonomy":"category","embeddable":true,"href":"http:\/\/www.ankevetter.de\/blog\/index.php?rest_route=%2Fwp%2Fv2%2Fcategories&post=1112"},{"taxonomy":"post_tag","embeddable":true,"href":"http:\/\/www.ankevetter.de\/blog\/index.php?rest_route=%2Fwp%2Fv2%2Ftags&post=1112"}],"curies":[{"name":"wp","href":"https:\/\/api.w.org\/{rel}","templated":true}]}}